{
    "id": 1937,
    "date": "2022-08-18T12:20:10",
    "date_gmt": "2022-08-18T09:20:10",
    "guid": {
        "rendered": "https:\/\/visitoulu.fi\/?p=1937"
    },
    "modified": "2025-05-09T14:25:31",
    "modified_gmt": "2025-05-09T11:25:31",
    "slug": "virkista-tyoyhteisoa-elamyksilla",
    "status": "publish",
    "type": "post",
    "link": "https:\/\/visitoulufi-2025-10-14_10_27_17.test.cchosting.fi\/fi\/virkista-tyoyhteisoa-elamyksilla\/",
    "title": {
        "rendered": "Virkist\u00e4 ty\u00f6yhteis\u00f6\u00e4 el\u00e4myksill\u00e4\ufffc"
    },
    "content": {
        "rendered": "<figure class=\"wp-block-pullquote\"><blockquote><p>Onko pohdinnassa virkistys- tai ty\u00f6hyvinvointip\u00e4iv\u00e4? Paras tapa nollata arjen keskell\u00e4 ja kohentaa ty\u00f6yhteis\u00f6n hyvinvointia on el\u00e4mysten, yhdess\u00e4 kokemisen ja tekemisen kautta. Joillekin porukoille sopii letke\u00e4 syke, toisille kiivaampi tahti. Mit\u00e4s teid\u00e4n poppoolle saisi olla?<\/p><\/blockquote><\/figure>",
        "protected": false
    },
    "excerpt": {
        "rendered": "<p>Onko pohdinnassa virkistys- tai ty\u00f6hyvinvointip\u00e4iv\u00e4? Paras tapa nollata arjen keskell\u00e4 ja kohentaa ty\u00f6yhteis\u00f6n hyvinvointia on el\u00e4mysten, yhdess\u00e4 kokemisen ja tekemisen kautta. Joillekin porukoille sopii letke\u00e4 syke, toisille kiivaampi tahti. Mit\u00e4s teid\u00e4n poppoolle saisi olla? [&#8230;]<\/p>\n<p><a class=\"btn btn-secondary understrap-read-more-link\" href=\"https:\/\/visitoulufi-2025-10-14_10_27_17.test.cchosting.fi\/fi\/virkista-tyoyhteisoa-elamyksilla\/\">Lue lis\u00e4\u00e4&#8230;<span class=\"screen-reader-text\"> from Virkist\u00e4 ty\u00f6yhteis\u00f6\u00e4 el\u00e4myksill\u00e4\ufffc<\/span><\/a><\/p>",
        "protected": false
    },
    "author": 3,
    "featured_media": 1940,
    "comment_status": "open",
    "ping_status": "open",
    "sticky": false,
    "template": "",
    "format": "standard",
    "meta": {
        "_acf_changed": false,
        "content-type": "",
        "footnotes": ""
    },
    "categories": [
        114
    ],
    "tags": [],
    "coauthors": [
        162
    ],
    "class_list": [
        "post-1937",
        "post",
        "type-post",
        "status-publish",
        "format-standard",
        "has-post-thumbnail",
        "hentry",
        "category-kokoukset"
    ],
    "acf": [],
    "yoast_head": "<!-- This site is optimized with the Yoast SEO plugin v26.0 - https:\/\/yoast.com\/wordpress\/plugins\/seo\/ -->\n<title>Virkist\u00e4 ty\u00f6yhteis\u00f6\u00e4 el\u00e4myksill\u00e4\ufffc - Visit Oulu<\/title>\n<meta name=\"robots\" content=\"index, follow, max-snippet:-1, max-image-preview:large, max-video-preview:-1\" \/>\n<link rel=\"canonical\" href=\"https:\/\/visitoulufi-2025-10-14_10_27_17.test.cchosting.fi\/fi\/virkista-tyoyhteisoa-elamyksilla\/\" \/>\n<meta property=\"og:locale\" content=\"fi_FI\" \/>\n<meta property=\"og:type\" content=\"article\" \/>\n<meta property=\"og:title\" content=\"Virkist\u00e4 ty\u00f6yhteis\u00f6\u00e4 el\u00e4myksill\u00e4\ufffc - Visit Oulu\" \/>\n<meta property=\"og:description\" content=\"Onko pohdinnassa virkistys- tai ty\u00f6hyvinvointip\u00e4iv\u00e4? Paras tapa nollata arjen keskell\u00e4 ja kohentaa ty\u00f6yhteis\u00f6n hyvinvointia on el\u00e4mysten, yhdess\u00e4 kokemisen ja tekemisen kautta. Joillekin porukoille sopii letke\u00e4 syke, toisille kiivaampi tahti. Mit\u00e4s teid\u00e4n poppoolle saisi olla? [...]Lue lis\u00e4\u00e4... from Virkist\u00e4 ty\u00f6yhteis\u00f6\u00e4 el\u00e4myksill\u00e4\ufffc\" \/>\n<meta property=\"og:url\" content=\"https:\/\/visitoulufi-2025-10-14_10_27_17.test.cchosting.fi\/fi\/virkista-tyoyhteisoa-elamyksilla\/\" \/>\n<meta property=\"og:site_name\" content=\"Visit Oulu\" \/>\n<meta property=\"article:published_time\" content=\"2022-08-18T09:20:10+00:00\" \/>\n<meta property=\"article:modified_time\" content=\"2025-05-09T11:25:31+00:00\" \/>\n<meta property=\"og:image\" content=\"https:\/\/visitoulufi-2025-10-14_10_27_17.test.cchosting.fi\/wp-content\/uploads\/2022\/06\/river-rafters-.jpg\" \/>\n\t<meta property=\"og:image:width\" content=\"2048\" \/>\n\t<meta property=\"og:image:height\" content=\"1366\" \/>\n\t<meta property=\"og:image:type\" content=\"image\/jpeg\" \/>\n<meta name=\"author\" content=\"Laura Tauriainen\" \/>\n<meta name=\"twitter:card\" content=\"summary_large_image\" \/>\n<meta name=\"twitter:label1\" content=\"Kirjoittanut\" \/>\n\t<meta name=\"twitter:data1\" content=\"Laura Tauriainen\" \/>\n\t<meta name=\"twitter:label2\" content=\"Arvioitu lukuaika\" \/>\n\t<meta name=\"twitter:data2\" content=\"2 minuuttia\" \/>\n\t<meta name=\"twitter:label3\" content=\"Written by\" \/>\n\t<meta name=\"twitter:data3\" content=\"Laura Tauriainen\" \/>\n<script type=\"application\/ld+json\" class=\"yoast-schema-graph\">{\"@context\":\"https:\/\/schema.org\",\"@graph\":[{\"@type\":\"WebPage\",\"@id\":\"https:\/\/visitoulufi-2025-10-14_10_27_17.test.cchosting.fi\/virkista-tyoyhteisoa-elamyksilla\/\",\"url\":\"https:\/\/visitoulufi-2025-10-14_10_27_17.test.cchosting.fi\/virkista-tyoyhteisoa-elamyksilla\/\",\"name\":\"Virkist\u00e4 ty\u00f6yhteis\u00f6\u00e4 el\u00e4myksill\u00e4\ufffc - Visit Oulu\",\"isPartOf\":{\"@id\":\"https:\/\/visitoulufi-2025-10-14_10_27_17.test.cchosting.fi\/#website\"},\"primaryImageOfPage\":{\"@id\":\"https:\/\/visitoulufi-2025-10-14_10_27_17.test.cchosting.fi\/virkista-tyoyhteisoa-elamyksilla\/#primaryimage\"},\"image\":{\"@id\":\"https:\/\/visitoulufi-2025-10-14_10_27_17.test.cchosting.fi\/virkista-tyoyhteisoa-elamyksilla\/#primaryimage\"},\"thumbnailUrl\":\"https:\/\/visitoulufi-2025-10-14_10_27_17.test.cchosting.fi\/wp-content\/uploads\/2022\/06\/river-rafters-.jpg\",\"datePublished\":\"2022-08-18T09:20:10+00:00\",\"dateModified\":\"2025-05-09T11:25:31+00:00\",\"author\":{\"@id\":\"https:\/\/visitoulufi-2025-10-14_10_27_17.test.cchosting.fi\/#\/schema\/person\/2e410c17269ec7cd726b76ca774c6180\"},\"breadcrumb\":{\"@id\":\"https:\/\/visitoulufi-2025-10-14_10_27_17.test.cchosting.fi\/virkista-tyoyhteisoa-elamyksilla\/#breadcrumb\"},\"inLanguage\":\"fi\",\"potentialAction\":[{\"@type\":\"ReadAction\",\"target\":[\"https:\/\/visitoulufi-2025-10-14_10_27_17.test.cchosting.fi\/virkista-tyoyhteisoa-elamyksilla\/\"]}]},{\"@type\":\"ImageObject\",\"inLanguage\":\"fi\",\"@id\":\"https:\/\/visitoulufi-2025-10-14_10_27_17.test.cchosting.fi\/virkista-tyoyhteisoa-elamyksilla\/#primaryimage\",\"url\":\"https:\/\/visitoulufi-2025-10-14_10_27_17.test.cchosting.fi\/wp-content\/uploads\/2022\/06\/river-rafters-.jpg\",\"contentUrl\":\"https:\/\/visitoulufi-2025-10-14_10_27_17.test.cchosting.fi\/wp-content\/uploads\/2022\/06\/river-rafters-.jpg\",\"width\":2048,\"height\":1366},{\"@type\":\"BreadcrumbList\",\"@id\":\"https:\/\/visitoulufi-2025-10-14_10_27_17.test.cchosting.fi\/virkista-tyoyhteisoa-elamyksilla\/#breadcrumb\",\"itemListElement\":[{\"@type\":\"ListItem\",\"position\":1,\"name\":\"Etusivu\",\"item\":\"https:\/\/visitoulufi-2025-10-14_10_27_17.test.cchosting.fi\/\"},{\"@type\":\"ListItem\",\"position\":2,\"name\":\"Virkist\u00e4 ty\u00f6yhteis\u00f6\u00e4 el\u00e4myksill\u00e4\ufffc\"}]},{\"@type\":\"WebSite\",\"@id\":\"https:\/\/visitoulufi-2025-10-14_10_27_17.test.cchosting.fi\/#website\",\"url\":\"https:\/\/visitoulufi-2025-10-14_10_27_17.test.cchosting.fi\/\",\"name\":\"Visit Oulu\",\"description\":\"\",\"potentialAction\":[{\"@type\":\"SearchAction\",\"target\":{\"@type\":\"EntryPoint\",\"urlTemplate\":\"https:\/\/visitoulufi-2025-10-14_10_27_17.test.cchosting.fi\/?s={search_term_string}\"},\"query-input\":{\"@type\":\"PropertyValueSpecification\",\"valueRequired\":true,\"valueName\":\"search_term_string\"}}],\"inLanguage\":\"fi\"},{\"@type\":\"Person\",\"@id\":\"https:\/\/visitoulufi-2025-10-14_10_27_17.test.cchosting.fi\/#\/schema\/person\/2e410c17269ec7cd726b76ca774c6180\",\"name\":\"Laura Tauriainen\",\"image\":{\"@type\":\"ImageObject\",\"inLanguage\":\"fi\",\"@id\":\"https:\/\/visitoulufi-2025-10-14_10_27_17.test.cchosting.fi\/#\/schema\/person\/image\/45d6e485335a99bfa69254255d1c6227\",\"url\":\"https:\/\/secure.gravatar.com\/avatar\/03695b94de34c2d6d99a10827be649e966c837346727b13eaf40cb74ab9fbb6b?s=96&d=mm&r=g\",\"contentUrl\":\"https:\/\/secure.gravatar.com\/avatar\/03695b94de34c2d6d99a10827be649e966c837346727b13eaf40cb74ab9fbb6b?s=96&d=mm&r=g\",\"caption\":\"Laura Tauriainen\"},\"url\":\"https:\/\/visitoulufi-2025-10-14_10_27_17.test.cchosting.fi\/fi\/author\/laura\/\"}]}<\/script>\n<!-- \/ Yoast SEO plugin. -->",
    "yoast_head_json": {
        "title": "Virkist\u00e4 ty\u00f6yhteis\u00f6\u00e4 el\u00e4myksill\u00e4\ufffc - Visit Oulu",
        "robots": {
            "index": "index",
            "follow": "follow",
            "max-snippet": "max-snippet:-1",
            "max-image-preview": "max-image-preview:large",
            "max-video-preview": "max-video-preview:-1"
        },
        "canonical": "https:\/\/visitoulufi-2025-10-14_10_27_17.test.cchosting.fi\/fi\/virkista-tyoyhteisoa-elamyksilla\/",
        "og_locale": "fi_FI",
        "og_type": "article",
        "og_title": "Virkist\u00e4 ty\u00f6yhteis\u00f6\u00e4 el\u00e4myksill\u00e4\ufffc - Visit Oulu",
        "og_description": "Onko pohdinnassa virkistys- tai ty\u00f6hyvinvointip\u00e4iv\u00e4? Paras tapa nollata arjen keskell\u00e4 ja kohentaa ty\u00f6yhteis\u00f6n hyvinvointia on el\u00e4mysten, yhdess\u00e4 kokemisen ja tekemisen kautta. Joillekin porukoille sopii letke\u00e4 syke, toisille kiivaampi tahti. Mit\u00e4s teid\u00e4n poppoolle saisi olla? [...]Lue lis\u00e4\u00e4... from Virkist\u00e4 ty\u00f6yhteis\u00f6\u00e4 el\u00e4myksill\u00e4\ufffc",
        "og_url": "https:\/\/visitoulufi-2025-10-14_10_27_17.test.cchosting.fi\/fi\/virkista-tyoyhteisoa-elamyksilla\/",
        "og_site_name": "Visit Oulu",
        "article_published_time": "2022-08-18T09:20:10+00:00",
        "article_modified_time": "2025-05-09T11:25:31+00:00",
        "og_image": [
            {
                "width": 2048,
                "height": 1366,
                "url": "https:\/\/visitoulufi-2025-10-14_10_27_17.test.cchosting.fi\/wp-content\/uploads\/2022\/06\/river-rafters-.jpg",
                "type": "image\/jpeg"
            }
        ],
        "author": "Laura Tauriainen",
        "twitter_card": "summary_large_image",
        "twitter_misc": {
            "Kirjoittanut": "Laura Tauriainen",
            "Arvioitu lukuaika": "2 minuuttia",
            "Written by": "Laura Tauriainen"
        },
        "schema": {
            "@context": "https:\/\/schema.org",
            "@graph": [
                {
                    "@type": "WebPage",
                    "@id": "https:\/\/visitoulufi-2025-10-14_10_27_17.test.cchosting.fi\/virkista-tyoyhteisoa-elamyksilla\/",
                    "url": "https:\/\/visitoulufi-2025-10-14_10_27_17.test.cchosting.fi\/virkista-tyoyhteisoa-elamyksilla\/",
                    "name": "Virkist\u00e4 ty\u00f6yhteis\u00f6\u00e4 el\u00e4myksill\u00e4\ufffc - Visit Oulu",
                    "isPartOf": {
                        "@id": "https:\/\/visitoulufi-2025-10-14_10_27_17.test.cchosting.fi\/#website"
                    },
                    "primaryImageOfPage": {
                        "@id": "https:\/\/visitoulufi-2025-10-14_10_27_17.test.cchosting.fi\/virkista-tyoyhteisoa-elamyksilla\/#primaryimage"
                    },
                    "image": {
                        "@id": "https:\/\/visitoulufi-2025-10-14_10_27_17.test.cchosting.fi\/virkista-tyoyhteisoa-elamyksilla\/#primaryimage"
                    },
                    "thumbnailUrl": "https:\/\/visitoulufi-2025-10-14_10_27_17.test.cchosting.fi\/wp-content\/uploads\/2022\/06\/river-rafters-.jpg",
                    "datePublished": "2022-08-18T09:20:10+00:00",
                    "dateModified": "2025-05-09T11:25:31+00:00",
                    "author": {
                        "@id": "https:\/\/visitoulufi-2025-10-14_10_27_17.test.cchosting.fi\/#\/schema\/person\/2e410c17269ec7cd726b76ca774c6180"
                    },
                    "breadcrumb": {
                        "@id": "https:\/\/visitoulufi-2025-10-14_10_27_17.test.cchosting.fi\/virkista-tyoyhteisoa-elamyksilla\/#breadcrumb"
                    },
                    "inLanguage": "fi",
                    "potentialAction": [
                        {
                            "@type": "ReadAction",
                            "target": [
                                "https:\/\/visitoulufi-2025-10-14_10_27_17.test.cchosting.fi\/virkista-tyoyhteisoa-elamyksilla\/"
                            ]
                        }
                    ]
                },
                {
                    "@type": "ImageObject",
                    "inLanguage": "fi",
                    "@id": "https:\/\/visitoulufi-2025-10-14_10_27_17.test.cchosting.fi\/virkista-tyoyhteisoa-elamyksilla\/#primaryimage",
                    "url": "https:\/\/visitoulufi-2025-10-14_10_27_17.test.cchosting.fi\/wp-content\/uploads\/2022\/06\/river-rafters-.jpg",
                    "contentUrl": "https:\/\/visitoulufi-2025-10-14_10_27_17.test.cchosting.fi\/wp-content\/uploads\/2022\/06\/river-rafters-.jpg",
                    "width": 2048,
                    "height": 1366
                },
                {
                    "@type": "BreadcrumbList",
                    "@id": "https:\/\/visitoulufi-2025-10-14_10_27_17.test.cchosting.fi\/virkista-tyoyhteisoa-elamyksilla\/#breadcrumb",
                    "itemListElement": [
                        {
                            "@type": "ListItem",
                            "position": 1,
                            "name": "Etusivu",
                            "item": "https:\/\/visitoulufi-2025-10-14_10_27_17.test.cchosting.fi\/"
                        },
                        {
                            "@type": "ListItem",
                            "position": 2,
                            "name": "Virkist\u00e4 ty\u00f6yhteis\u00f6\u00e4 el\u00e4myksill\u00e4\ufffc"
                        }
                    ]
                },
                {
                    "@type": "WebSite",
                    "@id": "https:\/\/visitoulufi-2025-10-14_10_27_17.test.cchosting.fi\/#website",
                    "url": "https:\/\/visitoulufi-2025-10-14_10_27_17.test.cchosting.fi\/",
                    "name": "Visit Oulu",
                    "description": "",
                    "potentialAction": [
                        {
                            "@type": "SearchAction",
                            "target": {
                                "@type": "EntryPoint",
                                "urlTemplate": "https:\/\/visitoulufi-2025-10-14_10_27_17.test.cchosting.fi\/?s={search_term_string}"
                            },
                            "query-input": {
                                "@type": "PropertyValueSpecification",
                                "valueRequired": true,
                                "valueName": "search_term_string"
                            }
                        }
                    ],
                    "inLanguage": "fi"
                },
                {
                    "@type": "Person",
                    "@id": "https:\/\/visitoulufi-2025-10-14_10_27_17.test.cchosting.fi\/#\/schema\/person\/2e410c17269ec7cd726b76ca774c6180",
                    "name": "Laura Tauriainen",
                    "image": {
                        "@type": "ImageObject",
                        "inLanguage": "fi",
                        "@id": "https:\/\/visitoulufi-2025-10-14_10_27_17.test.cchosting.fi\/#\/schema\/person\/image\/45d6e485335a99bfa69254255d1c6227",
                        "url": "https:\/\/secure.gravatar.com\/avatar\/03695b94de34c2d6d99a10827be649e966c837346727b13eaf40cb74ab9fbb6b?s=96&d=mm&r=g",
                        "contentUrl": "https:\/\/secure.gravatar.com\/avatar\/03695b94de34c2d6d99a10827be649e966c837346727b13eaf40cb74ab9fbb6b?s=96&d=mm&r=g",
                        "caption": "Laura Tauriainen"
                    },
                    "url": "https:\/\/visitoulufi-2025-10-14_10_27_17.test.cchosting.fi\/fi\/author\/laura\/"
                }
            ]
        }
    },
    "_links": {
        "self": [
            {
                "href": "https:\/\/visitoulufi-2025-10-14_10_27_17.test.cchosting.fi\/fi\/wp-json\/wp\/v2\/posts\/1937",
                "targetHints": {
                    "allow": [
                        "GET"
                    ]
                }
            }
        ],
        "collection": [
            {
                "href": "https:\/\/visitoulufi-2025-10-14_10_27_17.test.cchosting.fi\/fi\/wp-json\/wp\/v2\/posts"
            }
        ],
        "about": [
            {
                "href": "https:\/\/visitoulufi-2025-10-14_10_27_17.test.cchosting.fi\/fi\/wp-json\/wp\/v2\/types\/post"
            }
        ],
        "author": [
            {
                "embeddable": true,
                "href": "https:\/\/visitoulufi-2025-10-14_10_27_17.test.cchosting.fi\/fi\/wp-json\/wp\/v2\/users\/3"
            }
        ],
        "replies": [
            {
                "embeddable": true,
                "href": "https:\/\/visitoulufi-2025-10-14_10_27_17.test.cchosting.fi\/fi\/wp-json\/wp\/v2\/comments?post=1937"
            }
        ],
        "version-history": [
            {
                "count": 15,
                "href": "https:\/\/visitoulufi-2025-10-14_10_27_17.test.cchosting.fi\/fi\/wp-json\/wp\/v2\/posts\/1937\/revisions"
            }
        ],
        "predecessor-version": [
            {
                "id": 5034,
                "href": "https:\/\/visitoulufi-2025-10-14_10_27_17.test.cchosting.fi\/fi\/wp-json\/wp\/v2\/posts\/1937\/revisions\/5034"
            }
        ],
        "wp:featuredmedia": [
            {
                "embeddable": true,
                "href": "https:\/\/visitoulufi-2025-10-14_10_27_17.test.cchosting.fi\/fi\/wp-json\/wp\/v2\/media\/1940"
            }
        ],
        "wp:attachment": [
            {
                "href": "https:\/\/visitoulufi-2025-10-14_10_27_17.test.cchosting.fi\/fi\/wp-json\/wp\/v2\/media?parent=1937"
            }
        ],
        "wp:term": [
            {
                "taxonomy": "category",
                "embeddable": true,
                "href": "https:\/\/visitoulufi-2025-10-14_10_27_17.test.cchosting.fi\/fi\/wp-json\/wp\/v2\/categories?post=1937"
            },
            {
                "taxonomy": "post_tag",
                "embeddable": true,
                "href": "https:\/\/visitoulufi-2025-10-14_10_27_17.test.cchosting.fi\/fi\/wp-json\/wp\/v2\/tags?post=1937"
            },
            {
                "taxonomy": "author",
                "embeddable": true,
                "href": "https:\/\/visitoulufi-2025-10-14_10_27_17.test.cchosting.fi\/fi\/wp-json\/wp\/v2\/coauthors?post=1937"
            }
        ],
        "curies": [
            {
                "name": "wp",
                "href": "https:\/\/api.w.org\/{rel}",
                "templated": true
            }
        ]
    }
}